{"id":1912,"date":"2022-11-13T16:02:39","date_gmt":"2022-11-13T16:02:39","guid":{"rendered":"https:\/\/premiocandanguinhodepoesia.com\/?p=1912"},"modified":"2022-11-13T16:02:40","modified_gmt":"2022-11-13T16:02:40","slug":"abertas-as-inscricoes-ao-ii-premio-candanguinho-de-poesia-infantojuvenil","status":"publish","type":"post","link":"https:\/\/premiocandanguinhodepoesia.com\/index.php\/2022\/11\/13\/abertas-as-inscricoes-ao-ii-premio-candanguinho-de-poesia-infantojuvenil\/","title":{"rendered":"Abertas as inscri\u00e7\u00f5es ao II Pr\u00eamio Candanguinho de Poesia Infantojuvenil"},"content":{"rendered":"\n<pre class=\"wp-block-preformatted\">20\/10\/2022\nBlog do Riella<\/pre>\n\n\n\n<div class=\"wp-block-buttons is-layout-flex wp-block-buttons-is-layout-flex\">\n<div class=\"wp-block-button\"><a class=\"wp-block-button__link\" href=\"http:\/\/blogdoriella.com.br\/abertas-as-inscricoes-ao-ii-premio-candanguinho-de-poesia-infantojuvenil\/\" target=\"_blank\" rel=\"noreferrer noopener\">Leia na \u00edntegra<\/a><\/div>\n<\/div>\n\n\n\n<p><\/p>\n\n\n\n<p>As inscri\u00e7\u00f5es ao II Pr\u00eamio Candanguinho de Poesia Infantojuvenil, promovido pela Secretaria de Cultura e Economia Criativa (Secec) em parceria com o Instituto Cidade C\u00e9u j\u00e1 est\u00e3o abertas. As inscri\u00e7\u00f5es s\u00e3o gratuitas e seguem at\u00e9 11 de novembro, pelo site da premia\u00e7\u00e3o.<\/p>\n\n\n\n<p>O Candanguinho vai premiar trabalhos nas tr\u00eas categorias: infantil (de 6 a 12 anos), juvenil (de 13 a 17 anos) e pessoas com defici\u00eancia (PcDs, de 6 a 17 anos) \u2013 todas devem ser moradoras do DF e da Regi\u00e3o Integrada de Desenvolvimento (Ride)<\/p>\n\n\n\n<p>Os dez melhores trabalhos em cada faixa ser\u00e3o publicados nos formatos de livro impresso, braile e audiolivro. Os tr\u00eas melhores em cada categoria receber\u00e3o smartphone (primeiro lugar), tablet (segundo) e leitor de e-book (terceiro), al\u00e9m de dez exemplares da obra.<\/p>\n\n\n\n<p>Na ter\u00e7a (18), a Biblioteca Nacional de Bras\u00edlia (BNB) recebeu 150 estudantes de educa\u00e7\u00e3o infantil, ensino m\u00e9dio e educa\u00e7\u00e3o especial para marcar o in\u00edcio das inscri\u00e7\u00f5es. Ao longo da tarde, eles lancharam e vivenciaram duas horas de atividades culturais.<\/p>\n\n\n\n<p>\u201cEu vivo das palavras, e superei muitas barreiras ao aprender a lidar com elas\u201d, afirmou o secret\u00e1rio de Cultura e Economia Criativa, Bartolomeu Rodrigues, durante o encontro com os estudantes. \u201cN\u00e3o se intimidem diante do desafio de escrever poemas, botem para fora os sentimentos.\u201d<\/p>\n\n\n\n<p>\u201cEntendemos que o Candanguinho, assim como o Candang\u00e3o [Pr\u00eamio Candango de Literatura], deve se tornar pol\u00edtica de Estado de cultura, fortalecendo o lugar de Bras\u00edlia como polo de literatura\u201d, disse a assessora especial da Secec, Beth Fernandes, uma das idealizadoras do projeto e jurada no concurso.<\/p>\n\n\n\n<p>\u201cA poesia nos acalenta e nos transporta para um mundo melhor\u201d, celebrou a cordelista Sheila Gualberto Borges Pedrosa, gerente da Biblioteca P\u00fablica de Bras\u00edlia e tamb\u00e9m integrante do corpo de jurados. Fazem parte ainda do j\u00fari os escritores Isolda Marinho, Gracia Cantanhede e Maur\u00edcio Witczak.<\/p>\n\n\n\n<p>J\u00e1 a curadoria do Candanguinho fica sob a responsabilidade da escritora Cristiane Sobra, editora especializada na publica\u00e7\u00e3o de obras de autores negros. \u201cQueremos formar escritores e leitores e fomentar, por meio da literatura, o pensamento cr\u00edtico, a cria\u00e7\u00e3o de outras realidades, mexer no imagin\u00e1rio, fortalecer a identidade, a subjetividade\u201d, declarou ela.<\/p>\n\n\n\n<p>Fonte:Ascom\/ Secretaria de Cultura e Economia Criativa<\/p>\n","protected":false},"excerpt":{"rendered":"<p>20\/10\/2022 Blog do Riella As inscri\u00e7\u00f5es ao II Pr\u00eamio Candanguinho de Poesia Infantojuvenil, promovido pela Secretaria de Cultura e Economia Criativa (Secec) em parceria com o Instituto Cidade C\u00e9u j\u00e1 est\u00e3o abertas. As inscri\u00e7\u00f5es s\u00e3o gratuitas e seguem at\u00e9 11 de novembro, pelo site da premia\u00e7\u00e3o. O Candanguinho vai premiar trabalhos nas tr\u00eas categorias: infantil [&hellip;]<\/p>\n","protected":false},"author":3,"featured_media":0,"comment_status":"open","ping_status":"open","sticky":false,"template":"","format":"standard","meta":{"om_disable_all_campaigns":false,"_monsterinsights_skip_tracking":false,"_monsterinsights_sitenote_active":false,"_monsterinsights_sitenote_note":"","_monsterinsights_sitenote_category":0,"footnotes":""},"categories":[1],"tags":[],"class_list":["post-1912","post","type-post","status-publish","format-standard","hentry","category-uncategorized"],"aioseo_notices":[],"_links":{"self":[{"href":"https:\/\/premiocandanguinhodepoesia.com\/index.php\/wp-json\/wp\/v2\/posts\/1912","targetHints":{"allow":["GET"]}}],"collection":[{"href":"https:\/\/premiocandanguinhodepoesia.com\/index.php\/wp-json\/wp\/v2\/posts"}],"about":[{"href":"https:\/\/premiocandanguinhodepoesia.com\/index.php\/wp-json\/wp\/v2\/types\/post"}],"author":[{"embeddable":true,"href":"https:\/\/premiocandanguinhodepoesia.com\/index.php\/wp-json\/wp\/v2\/users\/3"}],"replies":[{"embeddable":true,"href":"https:\/\/premiocandanguinhodepoesia.com\/index.php\/wp-json\/wp\/v2\/comments?post=1912"}],"version-history":[{"count":2,"href":"https:\/\/premiocandanguinhodepoesia.com\/index.php\/wp-json\/wp\/v2\/posts\/1912\/revisions"}],"predecessor-version":[{"id":1914,"href":"https:\/\/premiocandanguinhodepoesia.com\/index.php\/wp-json\/wp\/v2\/posts\/1912\/revisions\/1914"}],"wp:attachment":[{"href":"https:\/\/premiocandanguinhodepoesia.com\/index.php\/wp-json\/wp\/v2\/media?parent=1912"}],"wp:term":[{"taxonomy":"category","embeddable":true,"href":"https:\/\/premiocandanguinhodepoesia.com\/index.php\/wp-json\/wp\/v2\/categories?post=1912"},{"taxonomy":"post_tag","embeddable":true,"href":"https:\/\/premiocandanguinhodepoesia.com\/index.php\/wp-json\/wp\/v2\/tags?post=1912"}],"curies":[{"name":"wp","href":"https:\/\/api.w.org\/{rel}","templated":true}]}}