{"id":1890,"date":"2022-11-09T16:28:05","date_gmt":"2022-11-09T16:28:05","guid":{"rendered":"https:\/\/premiocandanguinhodepoesia.com\/?p=1890"},"modified":"2022-11-09T16:28:06","modified_gmt":"2022-11-09T16:28:06","slug":"aberta-a-temporada-de-inscricoes-para-o-premio-candanguinho","status":"publish","type":"post","link":"https:\/\/premiocandanguinhodepoesia.com\/index.php\/2022\/11\/09\/aberta-a-temporada-de-inscricoes-para-o-premio-candanguinho\/","title":{"rendered":"Aberta A Temporada De Inscri\u00e7\u00f5es Para O Pr\u00eamio Candanguinho"},"content":{"rendered":"\n<div class=\"wp-block-buttons is-layout-flex wp-block-buttons-is-layout-flex\">\n<div class=\"wp-block-button\"><a class=\"wp-block-button__link\" href=\"https:\/\/taubateon.com\/noticia\/69813\/aberta-temporada-de-inscricoes-ao-premio-candanguinho\/amp\" target=\"_blank\" rel=\"noreferrer noopener\">Leia na \u00edntegra<\/a><\/div>\n<\/div>\n\n\n\n<p>Ser\u00e3o premiados trabalhos nas categorias infantil, juvenil e pessoas com defici\u00eancia; participantes devem ser moradores do DF e da Regi\u00e3o Integrada<\/p>\n\n\n\n<pre class=\"wp-block-preformatted\">20\/10\/2022 11h05\nPor: Reda\u00e7\u00e3o \\ Fonte: Ag\u00eancia Bras\u00edlia<\/pre>\n\n\n\n<figure class=\"wp-block-image size-full\"><img fetchpriority=\"high\" decoding=\"async\" width=\"800\" height=\"534\" src=\"https:\/\/premiocandanguinhodepoesia.com\/wp-content\/uploads\/2022\/11\/image-1.png\" alt=\"\" class=\"wp-image-1891\" srcset=\"https:\/\/premiocandanguinhodepoesia.com\/wp-content\/uploads\/2022\/11\/image-1.png 800w, https:\/\/premiocandanguinhodepoesia.com\/wp-content\/uploads\/2022\/11\/image-1-300x200.png 300w, https:\/\/premiocandanguinhodepoesia.com\/wp-content\/uploads\/2022\/11\/image-1-768x513.png 768w\" sizes=\"(max-width: 800px) 100vw, 800px\" \/><figcaption>Chico Neto<\/figcaption><\/figure>\n\n\n\n<p>Est\u00e3o abertas as inscri\u00e7\u00f5es ao II Pr\u00eamio Candanguinho de Poesia Infantojuvenil, promovido pela Secretaria de Cultura e Economia Criativa (Secec) em parceria com o Instituto Cidade C\u00e9u. As inscri\u00e7\u00f5es s\u00e3o gratuitas e seguem at\u00e9 11 de novembro, pelo\u00a0<a href=\"https:\/\/premiocandanguinhodepoesia.com\/\" target=\"_blank\" rel=\"noreferrer noopener\">site da premia\u00e7\u00e3o<\/a>.<\/p>\n\n\n\n<p>O Candanguinho vai premiar trabalhos nas tr\u00eas categorias: infantil (de 6 a 12 anos), juvenil (de 13 a 17 anos) e pessoas com defici\u00eancia (PcDs, de 6 a 17 anos) \u2013 todas devem ser moradoras do DF e da Regi\u00e3o Integrada de Desenvolvimento (Ride).<\/p>\n\n\n\n<figure class=\"wp-block-image size-large is-resized\"><img decoding=\"async\" src=\"https:\/\/premiocandanguinhodepoesia.com\/wp-content\/uploads\/2022\/11\/image-2-1024x684.png\" alt=\"\" class=\"wp-image-1892\" width=\"845\" height=\"565\" srcset=\"https:\/\/premiocandanguinhodepoesia.com\/wp-content\/uploads\/2022\/11\/image-2-1024x684.png 1024w, https:\/\/premiocandanguinhodepoesia.com\/wp-content\/uploads\/2022\/11\/image-2-300x200.png 300w, https:\/\/premiocandanguinhodepoesia.com\/wp-content\/uploads\/2022\/11\/image-2-768x513.png 768w, https:\/\/premiocandanguinhodepoesia.com\/wp-content\/uploads\/2022\/11\/image-2-1536x1025.png 1536w, https:\/\/premiocandanguinhodepoesia.com\/wp-content\/uploads\/2022\/11\/image-2.png 1600w\" sizes=\"(max-width: 845px) 100vw, 845px\" \/><figcaption>Na Biblioteca Nacional de Bras\u00edlia, o p\u00fablico teve acesso a diversas atividades de entretenimento | Foto: Hugo Lira\/Secec<\/figcaption><\/figure>\n\n\n\n<p>Os dez melhores trabalhos em cada faixa ser\u00e3o publicados nos formatos de livro impresso, braile e audiolivro. Os tr\u00eas melhores em cada categoria receber\u00e3o smartphone (primeiro lugar), tablet (segundo) e leitor de e-book (terceiro), al\u00e9m de dez exemplares da obra.<\/p>\n\n\n\n<figure class=\"wp-block-pullquote\"><blockquote><p>\u201cN\u00e3o se intimidem diante do desafio de escrever poemas, botem para fora os sentimentos\u201d<\/p><p>Bartolomeu Rodrigues, secret\u00e1rio de Cultura e Economia Criativa<\/p><\/blockquote><\/figure>\n\n\n\n<p>Na ter\u00e7a (18), a Biblioteca Nacional de Bras\u00edlia (BNB) recebeu 150 estudantes de educa\u00e7\u00e3o infantil, ensino m\u00e9dio e educa\u00e7\u00e3o especial para marcar o in\u00edcio das inscri\u00e7\u00f5es. Ao longo da tarde, eles lancharam e vivenciaram duas horas de atividades culturais.<\/p>\n\n\n\n<p>\u201cEu vivo das palavras, e superei muitas barreiras ao aprender a lidar com elas\u201d, afirmou o secret\u00e1rio de Cultura e Economia Criativa, Bartolomeu Rodrigues, durante o encontro com os estudantes. \u201cN\u00e3o se intimidem diante do desafio de escrever poemas, botem para fora os sentimentos.\u201d<\/p>\n\n\n\n<p><strong>Atividades<\/strong><\/p>\n\n\n\n<p>\u201cEntendemos que o Candanguinho, assim como o Candang\u00e3o [Pr\u00eamio Candango de Literatura], deve se tornar pol\u00edtica de Estado de cultura, fortalecendo o lugar de Bras\u00edlia como polo de literatura\u201d, disse a assessora especial da Secec, Beth Fernandes, uma das idealizadoras do projeto e jurada no concurso.<\/p>\n\n\n\n<figure class=\"wp-block-pullquote\"><blockquote><p><\/p><cite>\u201cA poesia nos acalenta e nos transporta para um mundo melhor.\u201d Sheila Pedrosa, gerente da Biblioteca P\u00fablica de Bras\u00edlia<\/cite><\/blockquote><\/figure>\n\n\n\n<p>\u201cA poesia nos acalenta e nos transporta para um mundo melhor\u201d, celebrou a cordelista Sheila Gualberto Borges Pedrosa, gerente da Biblioteca P\u00fablica de Bras\u00edlia e tamb\u00e9m integrante do corpo de jurados. Fazem parte ainda do j\u00fari os escritores Isolda Marinho, Gracia Cantanhede e Maur\u00edcio Witczak.<\/p>\n\n\n\n<p>J\u00e1 a curadoria do Candanguinho fica sob a responsabilidade da escritora Cristiane Sobral, editora especializada na publica\u00e7\u00e3o de obras de autores negros. \u201cQueremos formar escritores e leitores e fomentar, por meio da literatura, o pensamento cr\u00edtico, a cria\u00e7\u00e3o de outras realidades, mexer no imagin\u00e1rio, fortalecer a identidade, a subjetividade\u201d, declarou ela.<\/p>\n\n\n\n<p>Com experi\u00eancia em outros concursos, como o Pr\u00eamio Jabuti, e \u00e0 frente da Aldeia de Palavras, Cristiane afirmou que espera receber um n\u00famero expressivo de inscri\u00e7\u00f5es, com destaque para autores do p\u00fablico PcD. \u201cQue a inclus\u00e3o possa acontecer cada vez mais em nossos espa\u00e7os liter\u00e1rios\u201d, disse. Ela lembrou que esses autores poder\u00e3o enviar suas inscri\u00e7\u00f5es em \u00e1udio, caso possuam dificuldade motora para escrever.<\/p>\n\n\n\n<pre class=\"wp-block-preformatted\">*Com informa\u00e7\u00f5es da Secretaria de Cultura e Economia Criativa<\/pre>\n","protected":false},"excerpt":{"rendered":"<p>Ser\u00e3o premiados trabalhos nas categorias infantil, juvenil e pessoas com defici\u00eancia; participantes devem ser moradores do DF e da Regi\u00e3o Integrada 20\/10\/2022 11h05 Por: Reda\u00e7\u00e3o \\ Fonte: Ag\u00eancia Bras\u00edlia Est\u00e3o abertas as inscri\u00e7\u00f5es ao II Pr\u00eamio Candanguinho de Poesia Infantojuvenil, promovido pela Secretaria de Cultura e Economia Criativa (Secec) em parceria com o Instituto Cidade [&hellip;]<\/p>\n","protected":false},"author":3,"featured_media":0,"comment_status":"open","ping_status":"open","sticky":false,"template":"","format":"standard","meta":{"om_disable_all_campaigns":false,"_monsterinsights_skip_tracking":false,"_monsterinsights_sitenote_active":false,"_monsterinsights_sitenote_note":"","_monsterinsights_sitenote_category":0,"footnotes":""},"categories":[1],"tags":[],"class_list":["post-1890","post","type-post","status-publish","format-standard","hentry","category-uncategorized"],"aioseo_notices":[],"_links":{"self":[{"href":"https:\/\/premiocandanguinhodepoesia.com\/index.php\/wp-json\/wp\/v2\/posts\/1890","targetHints":{"allow":["GET"]}}],"collection":[{"href":"https:\/\/premiocandanguinhodepoesia.com\/index.php\/wp-json\/wp\/v2\/posts"}],"about":[{"href":"https:\/\/premiocandanguinhodepoesia.com\/index.php\/wp-json\/wp\/v2\/types\/post"}],"author":[{"embeddable":true,"href":"https:\/\/premiocandanguinhodepoesia.com\/index.php\/wp-json\/wp\/v2\/users\/3"}],"replies":[{"embeddable":true,"href":"https:\/\/premiocandanguinhodepoesia.com\/index.php\/wp-json\/wp\/v2\/comments?post=1890"}],"version-history":[{"count":3,"href":"https:\/\/premiocandanguinhodepoesia.com\/index.php\/wp-json\/wp\/v2\/posts\/1890\/revisions"}],"predecessor-version":[{"id":1895,"href":"https:\/\/premiocandanguinhodepoesia.com\/index.php\/wp-json\/wp\/v2\/posts\/1890\/revisions\/1895"}],"wp:attachment":[{"href":"https:\/\/premiocandanguinhodepoesia.com\/index.php\/wp-json\/wp\/v2\/media?parent=1890"}],"wp:term":[{"taxonomy":"category","embeddable":true,"href":"https:\/\/premiocandanguinhodepoesia.com\/index.php\/wp-json\/wp\/v2\/categories?post=1890"},{"taxonomy":"post_tag","embeddable":true,"href":"https:\/\/premiocandanguinhodepoesia.com\/index.php\/wp-json\/wp\/v2\/tags?post=1890"}],"curies":[{"name":"wp","href":"https:\/\/api.w.org\/{rel}","templated":true}]}}