{"id":1887,"date":"2022-11-09T16:01:22","date_gmt":"2022-11-09T16:01:22","guid":{"rendered":"https:\/\/premiocandanguinhodepoesia.com\/?p=1887"},"modified":"2022-11-09T16:01:23","modified_gmt":"2022-11-09T16:01:23","slug":"vem-ai-o-ii-premio-candanguinho-de-poesia-infantojuvenil-3","status":"publish","type":"post","link":"https:\/\/premiocandanguinhodepoesia.com\/index.php\/2022\/11\/09\/vem-ai-o-ii-premio-candanguinho-de-poesia-infantojuvenil-3\/","title":{"rendered":"Vem a\u00ed o II Pr\u00eamio Candanguinho de Poesia Infantojuvenil"},"content":{"rendered":"\n<div class=\"wp-block-buttons is-layout-flex wp-block-buttons-is-layout-flex\">\n<div class=\"wp-block-button\"><a class=\"wp-block-button__link\" href=\"https:\/\/newsbr.online\/entretenimento\/vem-ai-o-ii-premio-candanguinho-de-poesia-infantojuvenil\/\" target=\"_blank\" rel=\"noreferrer noopener\">Leia na \u00edntegra<\/a><\/div>\n<\/div>\n\n\n\n<p><img decoding=\"async\" src=\"blob:https:\/\/premiocandanguinhodepoesia.com\/a905ed80-1c05-4b58-81ae-55ea33a917f7\"><\/p>\n\n\n\n<p>Concurso est\u00e1 com inscri\u00e7\u00f5es abertas at\u00e9 o dia 11 de novembro; poemas premiados foram publicados em livro<\/p>\n\n\n\n<p>Com a miss\u00e3o de revelar escritores do Distrito Federal e Entorno, a\u00ed a segunda do Pr\u00eamio Candanguinho de Poesia Infantojuvenil. O concurso est\u00e1 com inscri\u00e7\u00f5es abertas at\u00e9 11 de novembro.<\/p>\n\n\n\n<p>O Pr\u00eamio Candanguinho \u00e9 dividido em tr\u00eas categorias: Infantil (de 6 a 12 anos), Juvenil (de 13 a 17 anos) e pessoas com defici\u00eancia \u2013 PCD (de 6 a 17 anos). Os Podem Se Inscrever Por Meio Do local. Para participar, \u00e9 necess\u00e1rio ser do DF ou da Regi\u00e3o Integrada de Desenvolvimento (Ride) e registrar textos in\u00e9ditos.<\/p>\n\n\n\n<p>Cada participante poder\u00e1 enviar dois textos (em forma de l\u00edngua distinta) in\u00e9ditos, escritos em portuguesa. Para os PCDs com dificuldades motoras para escrita, poder\u00e1 ser anexado \u00e1udio de at\u00e9 dois minutos e 10 megabytes.<\/p>\n\n\n\n<p>Os 30 melhores trabalhos (dez em cada categoria) ser\u00e3o divulgados em tr\u00eas formatos: livro impresso, em braile e audiolivro. Al\u00e9m disso, os tr\u00eas poemas de cada uma das melhores categorias, em dezembro, na Biblioteca Nacional Bras\u00edlia, na seguinte premia\u00e7\u00e3o:<\/p>\n\n\n\n<div class=\"wp-block-group\"><div class=\"wp-block-group__inner-container is-layout-flow wp-block-group-is-layout-flow\">\n<ul class=\"wp-block-list\"><li>1\u00ba colocado: um smartphone e 10 exemplares da obra impressa;<\/li><li>2\u00ba colocado: um tablet e 10 exemplares da obra impressa;<\/li><li>3\u00ba colocado: um leitor de e-book e 10 exemplares da obra impressa.<\/li><\/ul>\n<\/div><\/div>\n\n\n\n<p>A curadoria do projeto \u00e9 de Cristiane Sobral, atriz, escritora, dramaturga e poetisa radicada em Bras\u00edlia, e os jurados s\u00e3o os escritores Isolda Marinho, Gracia Cantanhede, Beth Fernandes, Maur\u00edcio Witczak e Sheila Gualberto Borges Pedrosa. Os textos ser\u00e3o apresentados por sua originalidade, criatividade e uso adequado da linguagem pr\u00f3pria do poema.<\/p>\n\n\n\n<p>O concurso \u00e9 colaborado pelo Instituto Cidade C\u00e9u de Arte, Educa\u00e7\u00e3o e Cultura por meio Termo de Cultura e Economia Criativa.<\/p>\n\n\n\n<pre class=\"wp-block-preformatted\">Servi\u00e7o\nII Pr\u00eamio Candanguinho de Poesia Infantojuvenil\nInstitui\u00e7\u00e3o respons\u00e1vel: Instituto Cidade C\u00e9u de Arte, Educa\u00e7\u00e3o e Cultura\nInscri\u00e7\u00f5es: de 18 de outubro a 11 de novembro de 2022\nP\u00fablico: crian\u00e7as e jovens de 6 a 17 anos do DF e Ride\nCategorias: | 6 a 12 anos | 13 a 17 anos | PCDs (6 a 17 anos)\nRegulamento e inscri\u00e7\u00f5es: https:\/\/premiocandanguinhodepoesia.com\/\nInscri\u00e7\u00f5es gratuitas\nPremia\u00e7\u00e3o: em dezembro de 2022, na Biblioteca Nacional de Bras\u00edlia<\/pre>\n\n\n\n<p><\/p>\n","protected":false},"excerpt":{"rendered":"<p>Concurso est\u00e1 com inscri\u00e7\u00f5es abertas at\u00e9 o dia 11 de novembro; poemas premiados foram publicados em livro Com a miss\u00e3o de revelar escritores do Distrito Federal e Entorno, a\u00ed a segunda do Pr\u00eamio Candanguinho de Poesia Infantojuvenil. O concurso est\u00e1 com inscri\u00e7\u00f5es abertas at\u00e9 11 de novembro. O Pr\u00eamio Candanguinho \u00e9 dividido em tr\u00eas categorias: [&hellip;]<\/p>\n","protected":false},"author":3,"featured_media":0,"comment_status":"open","ping_status":"open","sticky":false,"template":"","format":"standard","meta":{"om_disable_all_campaigns":false,"_monsterinsights_skip_tracking":false,"_monsterinsights_sitenote_active":false,"_monsterinsights_sitenote_note":"","_monsterinsights_sitenote_category":0,"footnotes":""},"categories":[1],"tags":[],"class_list":["post-1887","post","type-post","status-publish","format-standard","hentry","category-uncategorized"],"aioseo_notices":[],"_links":{"self":[{"href":"https:\/\/premiocandanguinhodepoesia.com\/index.php\/wp-json\/wp\/v2\/posts\/1887","targetHints":{"allow":["GET"]}}],"collection":[{"href":"https:\/\/premiocandanguinhodepoesia.com\/index.php\/wp-json\/wp\/v2\/posts"}],"about":[{"href":"https:\/\/premiocandanguinhodepoesia.com\/index.php\/wp-json\/wp\/v2\/types\/post"}],"author":[{"embeddable":true,"href":"https:\/\/premiocandanguinhodepoesia.com\/index.php\/wp-json\/wp\/v2\/users\/3"}],"replies":[{"embeddable":true,"href":"https:\/\/premiocandanguinhodepoesia.com\/index.php\/wp-json\/wp\/v2\/comments?post=1887"}],"version-history":[{"count":2,"href":"https:\/\/premiocandanguinhodepoesia.com\/index.php\/wp-json\/wp\/v2\/posts\/1887\/revisions"}],"predecessor-version":[{"id":1889,"href":"https:\/\/premiocandanguinhodepoesia.com\/index.php\/wp-json\/wp\/v2\/posts\/1887\/revisions\/1889"}],"wp:attachment":[{"href":"https:\/\/premiocandanguinhodepoesia.com\/index.php\/wp-json\/wp\/v2\/media?parent=1887"}],"wp:term":[{"taxonomy":"category","embeddable":true,"href":"https:\/\/premiocandanguinhodepoesia.com\/index.php\/wp-json\/wp\/v2\/categories?post=1887"},{"taxonomy":"post_tag","embeddable":true,"href":"https:\/\/premiocandanguinhodepoesia.com\/index.php\/wp-json\/wp\/v2\/tags?post=1887"}],"curies":[{"name":"wp","href":"https:\/\/api.w.org\/{rel}","templated":true}]}}