{"id":1876,"date":"2022-11-09T15:26:18","date_gmt":"2022-11-09T15:26:18","guid":{"rendered":"https:\/\/premiocandanguinhodepoesia.com\/?p=1876"},"modified":"2022-11-09T15:26:18","modified_gmt":"2022-11-09T15:26:18","slug":"evento-marca-lancamento-do-ii-candanguinho","status":"publish","type":"post","link":"https:\/\/premiocandanguinhodepoesia.com\/index.php\/2022\/11\/09\/evento-marca-lancamento-do-ii-candanguinho\/","title":{"rendered":"Evento marca lan\u00e7amento do II Candanguinho"},"content":{"rendered":"\n<pre class=\"wp-block-preformatted\">19\/10\/22 \u00e0s 11h51 - Atualizado em 20\/10\/22 \u00e0s 9h25 \nTexto: Alexandre Freire. Edi\u00e7\u00e3o: Ascom Secec<\/pre>\n\n\n\n<div class=\"wp-block-buttons is-layout-flex wp-block-buttons-is-layout-flex\">\n<div class=\"wp-block-button\"><a class=\"wp-block-button__link\" href=\"https:\/\/www.cultura.df.gov.br\/evento-marca-lancamento-do-ii-candanguinho\/\" target=\"_blank\" rel=\"noreferrer noopener\">Leia na \u00edntegra<\/a><\/div>\n<\/div>\n\n\n\n<figure class=\"wp-block-image size-full is-resized\"><img fetchpriority=\"high\" decoding=\"async\" src=\"https:\/\/premiocandanguinhodepoesia.com\/wp-content\/uploads\/2022\/11\/image-2.jpeg\" alt=\"\" class=\"wp-image-1879\" width=\"352\" height=\"235\"\/><figcaption>Grupo P\u00e9 do Cerrado foi uma das atra\u00e7\u00f5es do lan\u00e7amento do II Candanguinho\u00a0<\/figcaption><\/figure>\n\n\n\n<p>A Biblioteca Nacional de Brasilia (BNB) recebeu, na ter\u00e7a-feira (18\/10), 150 estudantes de educa\u00e7\u00e3o infantil, ensino m\u00e9dio e educa\u00e7\u00e3o especial para marcar o in\u00edcio das inscri\u00e7\u00f5es ao\u202fII Pr\u00eamio Candanguinho de Poesia Infantojuvenil, promovido pela Secretaria de Cultura e Economia Criativa do Distrito Federal (Secec) em parceria com o Instituto Cidade C\u00e9u. Ao longo da tarde, eles lancharam e vivenciaram duas horas de atividades culturais.\u00a0<\/p>\n\n\n\n<p>O\u202f<a href=\"https:\/\/www.cultura.df.gov.br\/ii-premio-candanguinho-de-poesia-abre-inscricoes\/\" target=\"_blank\" rel=\"noreferrer noopener\">Candanguinho vai premiar trabalhos nas tr\u00eas categorias<\/a>: infantil (de 6 a 12 anos), juvenil (de 13 a 17 anos) e pessoas com defici\u00eancia (PCDs, de 6 a 17 anos), moradores do DF e da Regi\u00e3o Integrada de Desenvolvimento (RIDE). Os dez melhores trabalhos em cada faixa ser\u00e3o publicados nos formatos de livro impresso, braile e audiolivro. Os tr\u00eas melhores em cada categoria receber\u00e3o smartphone (1\u00ba lugar), tablet (2\u00ba) e leitor de e-book (3\u00ba), al\u00e9m de dez exemplares da obra. As inscri\u00e7\u00f5es s\u00e3o gratuitas e seguem at\u00e9 o dia 11 de novembro,\u202f<a href=\"https:\/\/premiocandanguinhodepoesia.com\/\" target=\"_blank\" rel=\"noreferrer noopener\">pelo site da premia\u00e7\u00e3o<\/a>.\u00a0<\/p>\n\n\n\n<figure class=\"wp-block-image size-full is-resized\"><img decoding=\"async\" src=\"https:\/\/premiocandanguinhodepoesia.com\/wp-content\/uploads\/2022\/11\/image-1.jpeg\" alt=\"\" class=\"wp-image-1878\" width=\"356\" height=\"237\"\/><figcaption>Secret\u00e1rio de Cultura, Bartolomeu Rodrigues\u00a0<\/figcaption><\/figure>\n\n\n\n<p>\u201cEu vivo das palavras e superei muitas barreiras ao aprender a lidar com elas. N\u00e3o se intimidem diante do desafio de escrever poemas, botem para fora os sentimentos\u201d, incentivou o secret\u00e1rio de Cultura e Economia Criativa, Bartolomeu Rodrigues, no encontro com os estudantes no audit\u00f3rio da BNB.\u00a0<\/p>\n\n\n\n<p>Entre as diversas atividades da tarde, os estudantes assistiram a uma batalha de poesia slam, com as rimas de Mandim e Singelo, e \u00e0 apresenta\u00e7\u00e3o do grupo de cultura popular P\u00e9 de Cerrado. Antes haviam presenciado, na \u00e1rea externa da BNB, na Pra\u00e7a da L\u00edngua Portuguesa, apresenta\u00e7\u00f5es de malabaristas do Circo Vit\u00f3ria e de conta\u00e7\u00e3o de hist\u00f3rias com o grupo Paepalanthus.<\/p>\n\n\n\n<p>\u201cEntendemos que o Candanguinho, assim como o Candang\u00e3o [Pr\u00eamio Candango de Literatura], devem se tornar pol\u00edticas de estado de cultura, fortalecendo o lugar de Bras\u00edlia como polo de literatura\u201d, entende a assessora especial da Secec, Beth Fernandes, uma das idealizadoras do projeto e jurada no concurso.&nbsp;<\/p>\n\n\n\n<figure class=\"wp-block-image size-full is-resized\"><img decoding=\"async\" src=\"https:\/\/premiocandanguinhodepoesia.com\/wp-content\/uploads\/2022\/11\/image-3.jpeg\" alt=\"\" class=\"wp-image-1880\" width=\"326\" height=\"217\"\/><figcaption>Representantes da organiza\u00e7\u00e3o e dos jurados do II Candanguinho\u00a0<\/figcaption><\/figure>\n\n\n\n<p>Al\u00e9m dela, tamb\u00e9m comp\u00f5em o corpo de jurados os escritores Isolda Marinho, Gracia Cantanhede, Maur\u00edcio Witczak e Sheila Gualberto Borges Pedrosa. \u201c\u00c9 uma satisfa\u00e7\u00e3o participar de um pr\u00eamio t\u00e3o importante, que enaltece a poesia e insere crian\u00e7as e jovens nesse mundo sublime. Em tempos de desilus\u00e3o, a poesia nos acalenta e nos transporta para um mundo melhor\u201d, celebrou Sheila, gerente da Biblioteca P\u00fablica de Bras\u00edlia e cordelista.&nbsp;<\/p>\n\n\n\n<p>J\u00e1 a curadoria do Candanguinho fica sob a responsabilidade da escritora Cristiane Sobral, que fala de suas expectativas em rela\u00e7\u00e3o ao pr\u00eamio: \u201cqueremos formar escritores e leitores e fomentar, por meio da literatura, o pensamento cr\u00edtico, a cria\u00e7\u00e3o de outras realidades, mexer no imagin\u00e1rio, fortalecer a identidade, a subjetividade\u201d.\u00a0<\/p>\n\n\n\n<figure class=\"wp-block-image size-full is-resized\"><img loading=\"lazy\" decoding=\"async\" src=\"https:\/\/premiocandanguinhodepoesia.com\/wp-content\/uploads\/2022\/11\/image-4.jpeg\" alt=\"\" class=\"wp-image-1881\" width=\"202\" height=\"359\"\/><figcaption>Pedro Maron foi um dos mestres de cerim\u00f4nia, com Lel\u00ea Negreiros e Rafaela de Paiva\u00a0<\/figcaption><\/figure>\n\n\n\n<p>INCLUS\u00c3O<\/p>\n\n\n\n<p>Com experi\u00eancia em outros concursos, como o prestigioso Pr\u00eamio Jabuti, e \u00e0 frente da Aldeia de Palavras, editora especializada na publica\u00e7\u00e3o de autores negros, Cristiane espera receber n\u00famero expressivo de inscri\u00e7\u00f5es, com destaque para autores do p\u00fablico PCD. \u201cQue a inclus\u00e3o possa acontecer cada vez mais em nossos espa\u00e7os liter\u00e1rios\u201d, deseja, explicando que estes autores poder\u00e3o, inclusive, enviar suas inscri\u00e7\u00f5es em \u00e1udio, caso possuam dificuldade motora para escrever.&nbsp;<\/p>\n\n\n\n<p>A aspira\u00e7\u00e3o de Cristiane se materializou no evento de lan\u00e7amento da premia\u00e7\u00e3o, que para al\u00e9m dos estudantes, tamb\u00e9m contou com a participa\u00e7\u00e3o de Pedro Maron, de 12 anos, como um dos mestres de cerim\u00f4nia. Cego desde que nasceu em raz\u00e3o de uma condi\u00e7\u00e3o cong\u00eanita, ele se destacou nos \u00faltimos meses ao conseguir, com aux\u00edlio da fam\u00edlia, adaptar um exemplar do \u00e1lbum de figurinhas da Copa do Catar para o braile, o que motivou a editora Panini, respons\u00e1vel pela publica\u00e7\u00e3o, a desenvolver uma edi\u00e7\u00e3o limitada destinada a crian\u00e7as como ele.\u00a0<\/p>\n\n\n\n<p>ESCOLAS<\/p>\n\n\n\n<p>A crian\u00e7ada e os jovens que visitaram a BNB encheram a maior biblioteca p\u00fablica do DF com o entusiasmo que os livros costumam evocar. Pequenos e pequenas invadiram o Espa\u00e7o Geek da BNB, repleto de gibis, mang\u00e1s e jogos. \u201cEles est\u00e3o acostumados \u00e0 conta\u00e7\u00e3o de hist\u00f3rias e ficam muito interessados nas imagens\u201d, atestou a pedagoga Renata Passos, da Escola Classe Beija-Flor, na 316 Norte.&nbsp;<\/p>\n\n\n\n<figure class=\"wp-block-image size-full is-resized\"><img loading=\"lazy\" decoding=\"async\" src=\"https:\/\/premiocandanguinhodepoesia.com\/wp-content\/uploads\/2022\/11\/image-5.jpeg\" alt=\"\" class=\"wp-image-1882\" width=\"333\" height=\"222\"\/><figcaption>Estudantes acompanharam diversas atra\u00e7\u00f5es na BNB\u00a0<\/figcaption><\/figure>\n\n\n\n<p>A professora, que trabalha tamb\u00e9m com alunos do Itapo\u00e3 e do Parano\u00e1, contou que ajudava a organizar dois grupos da educa\u00e7\u00e3o infantil, de 1\u00ba e 2\u00ba anos, num est\u00e1gio em que o in\u00edcio da alfabetiza\u00e7\u00e3o aguarda o desenvolvimento das habilidades criativas e de psicomotricidade.\u00a0<\/p>\n\n\n\n<p>Iara Borges, professora do 5\u00ba ano da Escola Classe 115 Norte, conta que seus alunos, al\u00e9m de gostarem de escrever, se divertem com resenhas de filmes, livros e m\u00fasica. Na escola, que disp\u00f5e de cozinha, receitas culin\u00e1rias s\u00e3o utilizadas para misturar portugu\u00eas e matem\u00e1tica, em tentativa de dinamizar o ensino.\u00a0<\/p>\n\n\n\n<p>\u00c0 frente de agitado grupo de adolescentes, Elis\u00e2ngela Jorge, professora de L\u00edngua Portuguesa do 1\u00ba e do 2\u00ba anos do Centro de Ensino M\u00e9dio Setor Oeste (Cemso), ressaltou o interesse de seus estudantes pela literatura. \u201cPrincipalmente as meninas\u201d, revelou a docente que tem, entre suas refer\u00eancias liter\u00e1rias, nomes como Fernando Pessoa, Carlos Drummond de Andrade, E\u00e7a de Queir\u00f3s e Machado de Assis.&nbsp;<\/p>\n\n\n\n<p>Do Centro de Educa\u00e7\u00e3o Especial 2 do setor O de Ceil\u00e2ndia, a pedagoga Fabiana Gon\u00e7alves contou que seus alunos superam as dificuldades na escrita com o aux\u00edlio de \u00e1udios, v\u00eddeos e desenhos. Ela falou da satisfa\u00e7\u00e3o em participar do encontro: \u201c\u00e9 uma oportunidade riqu\u00edssima para esse p\u00fablico e tamb\u00e9m para n\u00f3s, professores, porque nos ajuda a provar para a sociedade, uma vez mais, que as pessoas com defici\u00eancia s\u00e3o capazes de responder, ainda que num registro diferente do nosso\u201d.&nbsp;<\/p>\n\n\n\n<figure class=\"wp-block-image size-full is-resized\"><img loading=\"lazy\" decoding=\"async\" src=\"https:\/\/premiocandanguinhodepoesia.com\/wp-content\/uploads\/2022\/11\/image-6.jpeg\" alt=\"\" class=\"wp-image-1883\" width=\"324\" height=\"216\"\/><figcaption>Um dia dedicado<\/figcaption><\/figure>\n\n\n\n<figure class=\"wp-block-image size-full is-resized\"><img loading=\"lazy\" decoding=\"async\" src=\"https:\/\/premiocandanguinhodepoesia.com\/wp-content\/uploads\/2022\/11\/image-7.jpeg\" alt=\"\" class=\"wp-image-1884\" width=\"316\" height=\"211\"\/><figcaption>\u00e0s crian\u00e7as\u00a0<\/figcaption><\/figure>\n\n\n\n<figure class=\"wp-block-image size-full is-resized\"><img loading=\"lazy\" decoding=\"async\" src=\"https:\/\/premiocandanguinhodepoesia.com\/wp-content\/uploads\/2022\/11\/image-8.jpeg\" alt=\"\" class=\"wp-image-1885\" width=\"330\" height=\"220\"\/><figcaption>na BNB\u00a0<\/figcaption><\/figure>\n\n\n\n<pre class=\"wp-block-preformatted\">Assessoria de Comunica\u00e7\u00e3o da Secretaria de Cultura e Economia Criativa (Ascom\/Secec)\u00a0\nE-mail: comunicacao@cultura.df.gov.br Fotos: Hugo Lira \u2013 Ascom\/Secec <\/pre>\n\n\n\n<p><\/p>\n","protected":false},"excerpt":{"rendered":"<p>19\/10\/22 \u00e0s 11h51 &#8211; Atualizado em 20\/10\/22 \u00e0s 9h25 Texto: Alexandre Freire. Edi\u00e7\u00e3o: Ascom Secec A Biblioteca Nacional de Brasilia (BNB) recebeu, na ter\u00e7a-feira (18\/10), 150 estudantes de educa\u00e7\u00e3o infantil, ensino m\u00e9dio e educa\u00e7\u00e3o especial para marcar o in\u00edcio das inscri\u00e7\u00f5es ao\u202fII Pr\u00eamio Candanguinho de Poesia Infantojuvenil, promovido pela Secretaria de Cultura e Economia Criativa [&hellip;]<\/p>\n","protected":false},"author":3,"featured_media":0,"comment_status":"open","ping_status":"open","sticky":false,"template":"","format":"standard","meta":{"om_disable_all_campaigns":false,"_monsterinsights_skip_tracking":false,"_monsterinsights_sitenote_active":false,"_monsterinsights_sitenote_note":"","_monsterinsights_sitenote_category":0,"footnotes":""},"categories":[1],"tags":[],"class_list":["post-1876","post","type-post","status-publish","format-standard","hentry","category-uncategorized"],"aioseo_notices":[],"_links":{"self":[{"href":"https:\/\/premiocandanguinhodepoesia.com\/index.php\/wp-json\/wp\/v2\/posts\/1876","targetHints":{"allow":["GET"]}}],"collection":[{"href":"https:\/\/premiocandanguinhodepoesia.com\/index.php\/wp-json\/wp\/v2\/posts"}],"about":[{"href":"https:\/\/premiocandanguinhodepoesia.com\/index.php\/wp-json\/wp\/v2\/types\/post"}],"author":[{"embeddable":true,"href":"https:\/\/premiocandanguinhodepoesia.com\/index.php\/wp-json\/wp\/v2\/users\/3"}],"replies":[{"embeddable":true,"href":"https:\/\/premiocandanguinhodepoesia.com\/index.php\/wp-json\/wp\/v2\/comments?post=1876"}],"version-history":[{"count":1,"href":"https:\/\/premiocandanguinhodepoesia.com\/index.php\/wp-json\/wp\/v2\/posts\/1876\/revisions"}],"predecessor-version":[{"id":1886,"href":"https:\/\/premiocandanguinhodepoesia.com\/index.php\/wp-json\/wp\/v2\/posts\/1876\/revisions\/1886"}],"wp:attachment":[{"href":"https:\/\/premiocandanguinhodepoesia.com\/index.php\/wp-json\/wp\/v2\/media?parent=1876"}],"wp:term":[{"taxonomy":"category","embeddable":true,"href":"https:\/\/premiocandanguinhodepoesia.com\/index.php\/wp-json\/wp\/v2\/categories?post=1876"},{"taxonomy":"post_tag","embeddable":true,"href":"https:\/\/premiocandanguinhodepoesia.com\/index.php\/wp-json\/wp\/v2\/tags?post=1876"}],"curies":[{"name":"wp","href":"https:\/\/api.w.org\/{rel}","templated":true}]}}