{"id":1840,"date":"2022-11-07T18:52:12","date_gmt":"2022-11-07T18:52:12","guid":{"rendered":"https:\/\/premiocandanguinhodepoesia.com\/?p=1840"},"modified":"2022-11-13T17:01:30","modified_gmt":"2022-11-13T17:01:30","slug":"um-premio-para-as-criancas","status":"publish","type":"post","link":"https:\/\/premiocandanguinhodepoesia.com\/index.php\/2022\/11\/07\/um-premio-para-as-criancas\/","title":{"rendered":"Um pr\u00eamio para as crian\u00e7as"},"content":{"rendered":"\n<div class=\"wp-block-buttons is-layout-flex wp-block-buttons-is-layout-flex\">\n<div class=\"wp-block-button aligncenter\"><a class=\"wp-block-button__link\" href=\"https:\/\/www.correiobraziliense.com.br\/diversao-e-arte\/2022\/11\/amp\/5049168-um-premio-para-as-criancas.html\" target=\"_blank\" rel=\"noreferrer noopener\">Leia na \u00cdntegra<\/a><\/div>\n<\/div>\n\n\n\n<p>Segunda edi\u00e7\u00e3o do Pr\u00eamio Candanguinho est\u00e1 com inscri\u00e7\u00f5es abertas. Podem participar jovens de 6 a 17 anos com poesias que v\u00e3o concorrer a smartphone e tablet<\/p>\n\n\n\n<p>Os jovens autores do Distrito Federal podem preparar os versos e as rimas. O II&nbsp;<a href=\"https:\/\/www.correiobraziliense.com.br\/diversao-e-arte\/2022\/07\/5024993-revelada-a-instituicao-responsavel-pelo-premio-candanguinho-de-2022.html\" target=\"_blank\" rel=\"noreferrer noopener\">Pr\u00eamio Candanguinho<\/a>&nbsp;est\u00e1 com inscri\u00e7\u00f5es abertas at\u00e9 11 de novembro para receber poemas de crian\u00e7as e adolescentes entre 6 anos e 17 anos. Dividido em tr\u00eas categorias \u2014 Infantil (de 6 a 12 anos), Juvenil (de 13 a 17 anos) e pessoas com defici\u00eancia (PCD de 6 a 17 anos) \u2014, a segunda edi\u00e7\u00e3o do pr\u00eamio ser\u00e1 a primeira feita presencialmente e tem como objetivo incentivar a escrita e a leitura no DF.<\/p>\n\n\n\n<p>Idealizadora do pr\u00eamio junto com o secret\u00e1rio de Cultura,&nbsp;<a href=\"https:\/\/www.correiobraziliense.com.br\/diversao-e-arte\/2022\/10\/5047152-temas-polemicos-e-producao-local-marcam-55-festival-de-brasilia-de-cinema.html\" target=\"_blank\" rel=\"noreferrer noopener\">Bartolomeu Rodrigues<\/a>, a escritora Beth Fernandes conta que, durante a primeira edi\u00e7\u00e3o, realizada ainda em momento cr\u00edtico da pandemia, os organizadores receberam 300 inscri\u00e7\u00f5es. &#8220;O que surpreendeu mesmo foi a qualidade do trabalho das crian\u00e7as e adolescentes. Impressionante. A vis\u00e3o deles da vida e do mundo, o tanto que est\u00e3o atualizados com o meio social. Abre os olhos da gente&#8221;, conta. A inten\u00e7\u00e3o, ela explica, \u00e9 criar pol\u00edticas de est\u00edmulo \u00e0 leitura e \u00e0 escrita e formar novos artistas e leitores.<\/p>\n\n\n\n<p>Para divulgar o pr\u00eamio entre o p\u00fablico apto a concorrer, uma caravana tem visitado as escolas do DF com artistas de slam da cidade, contadores de hist\u00f3rias, youtubers e influencers. &#8220;O objetivo do pr\u00eamio \u00e9 estimular a leitura. Antes de escrever, esse jovem passa a ter outro olhar para a literatura, especialmente na quest\u00e3o do poema. Tudo pode ser poesia&#8221;, explica Jones Schneider, do Instituto Cidade C\u00e9u de Arte,&nbsp;<a href=\"https:\/\/www.correiobraziliense.com.br\/politica\/2022\/11\/5049505-gilberto-gil-diz-qual-deve-ser-a-prioridade-do-governo-lula-para-cultura-em-2023.html\" target=\"_blank\" rel=\"noreferrer noopener\">Educa\u00e7\u00e3o e Cultura<\/a>, que idealizou o pr\u00eamio. &#8220;O objetivo \u00e9 fazer com que os jovens participem, leiam mais e desenvolvam o trabalho da escrita.&#8221;https:\/\/d-1023975081138097567.ampproject.net\/2210211855000\/frame.html<img decoding=\"async\" src=\"https:\/\/midias.correiobraziliense.com.br\/_midias\/jpg\/2022\/11\/03\/candanguinho_1-26783975.jpg\" alt=\"Caravana Candanguinho: itiner\u00e2ncia cultural  para as crian\u00e7as\"><\/p>\n\n\n\n<p>Fotos: Carla Silveira &#8211;&nbsp;<strong>Caravana Candanguinho: itiner\u00e2ncia cultural para as crian\u00e7as<\/strong><\/p>\n\n\n\n<p>Poesia \u00e9 o \u00fanico formato aceito no Candanguinho, uma escolha que tem a ver com as formas de express\u00e3o na juventude e com a capacidade l\u00edrica de olhar para o mundo nessa idade. &#8220;Considerando que, dentro dessa faixa et\u00e1ria, o trabalho inclui tamb\u00e9m alfabetiza\u00e7\u00e3o e o contato das crian\u00e7as com uma linguagem mais imag\u00e9tica, centrada na palavra, achamos que, com esse g\u00eanero, conseguir\u00edamos abarcar todas as faixas et\u00e1rias&#8221;, diz a poeta e escritora Cristiane Sobral, curadora do Candanguinho. A escritora Beth Fernandes lembra que a escrita em versos \u00e9 muito familiar para os jovens. &#8220;A gente achou que seria mais vi\u00e1vel e que, talvez, pelo que a gente observava, com as batalhas de rima e os exerc\u00edcios escolares, isso atrairia mais as crian\u00e7as e jovens. Mas isso n\u00e3o impede que, no futuro, entrem outras categorias&#8221;, garante.<\/p>\n\n\n\n<p>Al\u00e9m da familiaridade com a linguagem po\u00e9tica entre os leitores mais jovens, Cristiane aponta a popularidade do slam na periferia como um dos fatores que fizeram os organizadores do Candanguinho escolherem os versos como g\u00eanero para o pr\u00eamio. &#8220;Esse g\u00eanero est\u00e1 sendo disseminado com muita for\u00e7a e vimos como essa comunica\u00e7\u00e3o \u00e9 muito direta com os jovens&#8221;, diz. Outro detalhe do pr\u00eamio que ela aponta como importante \u00e9 a inclus\u00e3o da categoria PCD para jovens de 6 a 17 anos. Todos os participantes dessa categoria podem enviar as obras gravadas em \u00e1udio de at\u00e9 dois minutos e com n\u00e3o mais de 10 megabytes.<img decoding=\"async\" src=\"https:\/\/midias.correiobraziliense.com.br\/_midias\/jpg\/2022\/11\/03\/candanguinho_2-26783990.jpg\" alt=\"A quadra de esportes ocupada pela cultura\"><\/p>\n\n\n\n<p><\/p>\n\n\n\n<p>&nbsp;<strong>A quadra de esportes ocupada pela cultura<\/strong><\/p>\n\n\n\n<p>O j\u00fari vai selecionar 30 poemas para serem publicados em um livro com vers\u00e3o em braile e em um audiolivro. &#8220;\u00c9 uma luta nossa a inclus\u00e3o dessa categoria PCD por conta da necessidade urgente que temos de promover a inclus\u00e3o em todos os concursos. Nas escolas, isso j\u00e1 tem sido uma luta muito antiga, cada vez mais a sociedade tem cobrado pol\u00edticas p\u00fablicas nesse sentido&#8221;, diz a escritora, que \u00e9 m\u00e3e de duas crian\u00e7as com defici\u00eancia. &#8220;Vivo essa luta e vejo a necessidade de promover, cada vez mais, cidadania para as crian\u00e7as.&#8221;<\/p>\n\n\n\n<p>O tema das poesias a serem selecionadas \u00e9 livre e o texto deve ser in\u00e9dito. Cada concorrente pode apresentar dois poemas e um j\u00fari formado por Isolda Marinho, Gracia Cantanhede, Beth Fernandes, Maur\u00edcio Witczak e Sheila Gualberto Borges Pedrosa vai escolher os tr\u00eas melhores de cada categoria. O primeiro colocado receber\u00e1 um smartphone, o segundo um tablet e o terceiro, um leitor de e-book. N\u00e3o \u00e9 preciso ser aluno da rede p\u00fablica nem privada. Jovens que n\u00e3o estejam na escola tamb\u00e9m podem se inscrever no pr\u00eamio. &#8220;No \u00faltimo estudo da Codeplan, a popula\u00e7\u00e3o dos que n\u00e3o estudam nem trabalham \u00e9 muito grande. E s\u00e3o pessoas que est\u00e3o a\u00ed, que precisam ser puxadas. A ideia \u00e9 que o pr\u00eamio atraia esses jovens e adolescentes a participar, se inteirar. N\u00e3o s\u00f3 do DF, do entorno, porque temos um entorno muito rico e meio descolado de outras pol\u00edticas&#8221;.<\/p>\n\n\n\n<div class=\"wp-block-buttons is-layout-flex wp-block-buttons-is-layout-flex\"><\/div>\n\n\n\n<p><\/p>\n","protected":false},"excerpt":{"rendered":"<p>Segunda edi\u00e7\u00e3o do Pr\u00eamio Candanguinho est\u00e1 com inscri\u00e7\u00f5es abertas. Podem participar jovens de 6 a 17 anos com poesias que v\u00e3o concorrer a smartphone e tablet Os jovens autores do Distrito Federal podem preparar os versos e as rimas. O II&nbsp;Pr\u00eamio Candanguinho&nbsp;est\u00e1 com inscri\u00e7\u00f5es abertas at\u00e9 11 de novembro para receber poemas de crian\u00e7as e [&hellip;]<\/p>\n","protected":false},"author":2,"featured_media":0,"comment_status":"open","ping_status":"open","sticky":false,"template":"","format":"standard","meta":{"om_disable_all_campaigns":false,"_monsterinsights_skip_tracking":false,"_monsterinsights_sitenote_active":false,"_monsterinsights_sitenote_note":"","_monsterinsights_sitenote_category":0,"footnotes":""},"categories":[1],"tags":[],"class_list":["post-1840","post","type-post","status-publish","format-standard","hentry","category-uncategorized"],"aioseo_notices":[],"_links":{"self":[{"href":"https:\/\/premiocandanguinhodepoesia.com\/index.php\/wp-json\/wp\/v2\/posts\/1840","targetHints":{"allow":["GET"]}}],"collection":[{"href":"https:\/\/premiocandanguinhodepoesia.com\/index.php\/wp-json\/wp\/v2\/posts"}],"about":[{"href":"https:\/\/premiocandanguinhodepoesia.com\/index.php\/wp-json\/wp\/v2\/types\/post"}],"author":[{"embeddable":true,"href":"https:\/\/premiocandanguinhodepoesia.com\/index.php\/wp-json\/wp\/v2\/users\/2"}],"replies":[{"embeddable":true,"href":"https:\/\/premiocandanguinhodepoesia.com\/index.php\/wp-json\/wp\/v2\/comments?post=1840"}],"version-history":[{"count":2,"href":"https:\/\/premiocandanguinhodepoesia.com\/index.php\/wp-json\/wp\/v2\/posts\/1840\/revisions"}],"predecessor-version":[{"id":1924,"href":"https:\/\/premiocandanguinhodepoesia.com\/index.php\/wp-json\/wp\/v2\/posts\/1840\/revisions\/1924"}],"wp:attachment":[{"href":"https:\/\/premiocandanguinhodepoesia.com\/index.php\/wp-json\/wp\/v2\/media?parent=1840"}],"wp:term":[{"taxonomy":"category","embeddable":true,"href":"https:\/\/premiocandanguinhodepoesia.com\/index.php\/wp-json\/wp\/v2\/categories?post=1840"},{"taxonomy":"post_tag","embeddable":true,"href":"https:\/\/premiocandanguinhodepoesia.com\/index.php\/wp-json\/wp\/v2\/tags?post=1840"}],"curies":[{"name":"wp","href":"https:\/\/api.w.org\/{rel}","templated":true}]}}